{"id":47167,"date":"2021-02-17T11:46:11","date_gmt":"2021-02-17T14:46:11","guid":{"rendered":"https:\/\/revistazum.com.br\/uncategorized\/violenta-geometria\/"},"modified":"2022-06-16T14:43:52","modified_gmt":"2022-06-16T17:43:52","slug":"violenta-geometria","status":"publish","type":"post","link":"https:\/\/revistazum.com.br\/en\/revista-zum-19\/violenta-geometria\/","title":{"rendered":"Violent geometry"},"content":{"rendered":"<p><a href=\"https:\/\/i0.wp.com\/revistazum.com.br\/wp-content\/uploads\/2021\/02\/MG_6214.png?ssl=1\" title=\"\"><img data-recalc-dims=\"1\" loading=\"lazy\" decoding=\"async\" class=\"size-full wp-image-32114 aligncenter\" src=\"https:\/\/i0.wp.com\/revistazum.com.br\/wp-content\/uploads\/2021\/02\/MG_6214.png?resize=842%2C1098&#038;ssl=1\" alt=\"\" width=\"842\" height=\"1098\" srcset=\"https:\/\/i0.wp.com\/revistazum.com.br\/wp-content\/uploads\/2021\/02\/MG_6214.png?w=842&amp;ssl=1 842w, https:\/\/i0.wp.com\/revistazum.com.br\/wp-content\/uploads\/2021\/02\/MG_6214.png?resize=230%2C300&amp;ssl=1 230w, https:\/\/i0.wp.com\/revistazum.com.br\/wp-content\/uploads\/2021\/02\/MG_6214.png?resize=785%2C1024&amp;ssl=1 785w, https:\/\/i0.wp.com\/revistazum.com.br\/wp-content\/uploads\/2021\/02\/MG_6214.png?resize=768%2C1002&amp;ssl=1 768w\" sizes=\"auto, (max-width: 842px) 100vw, 842px\" \/><\/a><\/p>\n<p>In the second half of the 19th century, photographic studies of Imperial Brazil left us with images which allow us to get to know the faces of children, men, and women who lived under the yoke of slavery. The photographic records of humans of African descent taken at that time have been investigated by a signi\ufb01cant number of artists and researchers, among whom stands out the visual artist Rosana Paulino.<\/p>\n<p>The iconography of this historical moment is fundamental if we are to know more about Black Brazilians, although some aspects of the daily lives of the enslaved, caught in these images, come from scenarios set up at photographic studios. This information does not diminish the fascination the images exercise over us, and over Paulino herself, who has applied her own aesthetic to them, revealing new layers of signi\ufb01cance and interpretations about these people. Such layers also make reference to the relationship that both Imperial and Republican Brazil cultivated with these people and, consequently, with their descendants.<\/p>\n<p>The photographs recorded their lives in their most diverse contexts, but also brutally violated them. Black people are shown as bodies alone, and their desires, dreams and identities are abducted to create the image of Brazil that satis\ufb01ed the curiosity for the exotic. This colonial imagination satis\ufb01ed the visual enjoyment of our elite and spread through the <em>cartes de visite<\/em>, a kind of souvenir photo created by the French photographer Andr\u00e9 Adolphe-Eug\u00e8ne Disd\u00e9ri (1819- 1889) which were exchanged between those who could travel and wished to please their beloved ones with a Brazilian souvenir.<\/p>\n<p>At the same time, photography also served science as a tool to study the Brazil- ian \ufb02ora, fauna, and the peoples themselves.<\/p>\n<p>From a scienti\ufb01c perspective, the non-white population was considered part of nature, and as such it was to be recorded, cataloged, investigated, and analyzed. There exists a number of anthropometric photographs that depicted men and women in a standardized way \u2013 from the rear, in pro\ufb01le, and from the front \u2013 as an analytical element supporting comparative genetic and biological studies, intended to prove the supremacy of European white types. Nowadays these pseudo sciences have been already discredited due to their underlying eugenic basis. However, these photographs are still a formidable source of research into ourselves and our complex of a nation, wallowing in brutal violence.<\/p>\n<p>For a long time in the visual arts, we have refused to speak honestly about this Brazil, because addressing it implies that our history is explicitly formed by its roots, both with our constitution as a society and that part of it that falls to our artistic production.<\/p>\n<p>The artist Rosana Paulino, who is from S\u00e3o Paulo, rescues the iconography in her work \u2013 not to re\ufb02ect on the past, but to denounce those ideas from that past that still remain today, and give the due importance to the people who inhabited those bodies. Committed to looking at our history through another lens, Paulino has made works about us, the Brazilian people, considering the process of invasion, encroachment, expropria- tion, genocide, violence, and epistemicide, which is written into our collective DNA.<\/p>\n<p><a href=\"https:\/\/i0.wp.com\/revistazum.com.br\/wp-content\/uploads\/2021\/02\/MG_1481.png?ssl=1\" title=\"\"><img data-recalc-dims=\"1\" loading=\"lazy\" decoding=\"async\" class=\"size-full wp-image-32112 aligncenter\" src=\"https:\/\/i0.wp.com\/revistazum.com.br\/wp-content\/uploads\/2021\/02\/MG_1481.png?resize=854%2C963&#038;ssl=1\" alt=\"\" width=\"854\" height=\"963\" srcset=\"https:\/\/i0.wp.com\/revistazum.com.br\/wp-content\/uploads\/2021\/02\/MG_1481.png?w=854&amp;ssl=1 854w, https:\/\/i0.wp.com\/revistazum.com.br\/wp-content\/uploads\/2021\/02\/MG_1481.png?resize=266%2C300&amp;ssl=1 266w, https:\/\/i0.wp.com\/revistazum.com.br\/wp-content\/uploads\/2021\/02\/MG_1481.png?resize=768%2C866&amp;ssl=1 768w\" sizes=\"auto, (max-width: 854px) 100vw, 854px\" \/><\/a><\/p>\n<p>Addressing our history through a bias that di\ufb00ers from the distorted o\ufb03cial version used to be considered agitation in bad taste. In her book <em>Arte para qu\u00ea? <\/em>[art for what?] (2003), the critic and historian Aracy Amaral talks about the prejudice in art that deals with the human being through concerns that have to do with history, society and the relationships that we weave within it and from it. The book is also a response to a certain consensus in the Brazilian art criticism of the mid-20th century, which used to say that Latin America had a natural vocation for constructive art (the critic Frederico de Morais discusses the reasons that would justify this belief in his excellent essay \u201cThe Constructive Vocation in Latin America\u201d, 1978).<\/p>\n<p>The di\ufb03culty in facing our history, including in the visual arts, is rooted in the colonial traumas resulting from the greed involved in Europe\u2019s territorial and economic expansion, according to the artist, writer, and psychologist Grada Kilomba in <em>Mem\u00f3rias da planta\u00e7\u00e3o <\/em>[plantation memories] (2019). For a long time, Brazilian society chose to fake a dissociative amnesia. We have never examined this colonial trauma.<\/p>\n<p>The supposed Latin American preference for geometry could be understood as a kind of sublimation \u2013 a defense mechanism that de\ufb02ects and transforms harmful, detrimental or uncomfortable thoughts into socially acceptable ideas. We can replace \u201cthoughts\u201d by \u201csubjects\u201d; and we identify \u201charmful, detrimental or uncomfortable\u201d as the actual material and immaterial heritage of the non-white peoples, Africans and indigenous, co-founders of the histories and cultures of Brazil. Plurality, so celebrated in Modernism as a seal of Brazilian authenticity, is that which will be sublimated culturally.<\/p>\n<p>In the visual arts, the creative process is the mediator of possible ways of salvation. Therefore, our alleged geometric tradition is our collective sublimation. If we are not able to deal with the colonial trauma and pretend to forget it, we convert the \u201cforgetfulness\u201d into vocation, into salvation, which would free us from the stain of colonialism and co-exist with the e\ufb00ects of the absence of a truly democratic project for a nation, one which is committed to our diverse population at all levels.<\/p>\n<p>Geometric compositions made from \u201cpure\u201d forms suggest an aseptic art, one which exempts us from having to deal with trauma and pain in the \ufb01eld of the visual arts. Artists should rapidly incorporate the assumptions of geometric art, demonstrating their dexterity in mastering mathematical concepts that aligned themselves in the making of art. This was a type of proof of our capacity to follow the conceptual and aesthetic transformations of European art, reinforcing the feeling of Brazilian artists eternally being one step behind.<\/p>\n<p><a href=\"https:\/\/i0.wp.com\/revistazum.com.br\/wp-content\/uploads\/2021\/02\/MG_6206.png?ssl=1\" title=\"\"><img data-recalc-dims=\"1\" loading=\"lazy\" decoding=\"async\" class=\"size-full wp-image-32113 aligncenter\" src=\"https:\/\/i0.wp.com\/revistazum.com.br\/wp-content\/uploads\/2021\/02\/MG_6206.png?resize=841%2C1096&#038;ssl=1\" alt=\"\" width=\"841\" height=\"1096\" srcset=\"https:\/\/i0.wp.com\/revistazum.com.br\/wp-content\/uploads\/2021\/02\/MG_6206.png?w=841&amp;ssl=1 841w, https:\/\/i0.wp.com\/revistazum.com.br\/wp-content\/uploads\/2021\/02\/MG_6206.png?resize=230%2C300&amp;ssl=1 230w, https:\/\/i0.wp.com\/revistazum.com.br\/wp-content\/uploads\/2021\/02\/MG_6206.png?resize=768%2C1001&amp;ssl=1 768w, https:\/\/i0.wp.com\/revistazum.com.br\/wp-content\/uploads\/2021\/02\/MG_6206.png?resize=786%2C1024&amp;ssl=1 786w\" sizes=\"auto, (max-width: 841px) 100vw, 841px\" \/><\/a><\/p>\n<p>Seldom has our artistic production treated the trauma of colonization and its consequences seriously. Adopting European artistic trends as its reference, including subduing the importance of the geometric fundamentals of the arts produced by African and indigenous populations of the Americas, was the sublimation of the colonial trauma in practice. We removed the circularities and triangularities of understandings of themselves and of the world of the African and indigenous populations through the straight line of the history of European art. We removed them to point of making them invisible. However, by being invisible the trauma and pain do not cease to exist. They constantly throb and bleed.<\/p>\n<p>Paulino has led her artistic investigation from the binomial of photography and society (or social relations) since the beginning of her career. The artist started <em>Parede da mem\u00f3ria <\/em>(<em>Wall of Memory<\/em>) (1994-2015) while still at university, with its photographic images of children, men and women printed on <em>patu\u00e1s <\/em>[amulets originating in Candombl\u00e9] colored with water paints. The work was \ufb01rst shown in 1994 at the invitation of the art historian Tadeu Chiarelli as part of the exhibition <em>Fotogra\ufb01a contaminada <\/em>[contaminated photography] at the Centro Cultural S\u00e3o Paulo. In 1997, Paulino exhibited <em>Bastidores <\/em>(<em>Embroidery Hoops<\/em>), a series of images of black women joined by a sewn black thread, in the traditional cycle of exhibitions <em>Panorama of Brazilian Art <\/em>at the Museu de Arte Moderna de S\u00e3o Paulo (MAM-SP).<\/p>\n<p>In both works, which are emblematic of her career of over twenty-\ufb01ve years, the photograph already appeared as a mark of the artist\u2019s poetic investigation. These works also deal with the race debate, departing from the use of photographs of her family circle \u2013 a debate which is only now being approached with the seriousness it merits in the \ufb01eld of visual arts.<\/p>\n<p>In this sense, when she rescues our sublimated history \u2013 that which could not be spoken about due to an inferiority complex \u2013, Paulino can be considered an <em>embreante <\/em>(embryonic), as it is de\ufb01ned by the philosopher Anne Cauquelin. For Cauquelin, contemporary art is founded in communication, and the ruptures in the production, exhibition, marketing and understanding of western art in the 20th century are due to the determinant actions of \ufb01gures which she called <em>embreantes<\/em>. They are the ones who, by challenging the system of art, substantially modify its structure, which thereby incorporate new realities, discussions, aesthetics, and behaviors.<\/p>\n<p>Paulino is an <em>embreante<\/em> who announces the discussion about Brazilian history sullied by what it does not talk about on the topic of race; she makes a clinical examination of this issue in visual arts from an incorruptible criticism of the history, and, especially, the historical narrative about African people and their descendants in Brazil. In a short text it is not possible to mention a hundred or so Brazilian artists, especially those who are Black, who nowadays pursue this theme and similar ones with greater ease and freedom than three decades ago. Paulino is key to this opening up, to paraphrase the poet and rapper Rincon Sapi\u00eancia (\u201cthe Black is key\/ Open the gates\u201d).<\/p>\n<p><a href=\"https:\/\/i0.wp.com\/revistazum.com.br\/wp-content\/uploads\/2021\/02\/RP-ZUM-19-04.png?ssl=1\" title=\"\"><img data-recalc-dims=\"1\" loading=\"lazy\" decoding=\"async\" class=\"size-full wp-image-32117 aligncenter\" src=\"https:\/\/i0.wp.com\/revistazum.com.br\/wp-content\/uploads\/2021\/02\/RP-ZUM-19-04.png?resize=969%2C1200&#038;ssl=1\" alt=\"\" width=\"969\" height=\"1200\" srcset=\"https:\/\/i0.wp.com\/revistazum.com.br\/wp-content\/uploads\/2021\/02\/RP-ZUM-19-04.png?w=969&amp;ssl=1 969w, https:\/\/i0.wp.com\/revistazum.com.br\/wp-content\/uploads\/2021\/02\/RP-ZUM-19-04.png?resize=242%2C300&amp;ssl=1 242w, https:\/\/i0.wp.com\/revistazum.com.br\/wp-content\/uploads\/2021\/02\/RP-ZUM-19-04.png?resize=768%2C951&amp;ssl=1 768w, https:\/\/i0.wp.com\/revistazum.com.br\/wp-content\/uploads\/2021\/02\/RP-ZUM-19-04.png?resize=827%2C1024&amp;ssl=1 827w, https:\/\/i0.wp.com\/revistazum.com.br\/wp-content\/uploads\/2021\/02\/RP-ZUM-19-04.png?resize=223%2C277&amp;ssl=1 223w\" sizes=\"auto, (max-width: 969px) 100vw, 969px\" \/><\/a><\/p>\n<p>Paulino is key to trying out possible cures for this colonial trauma, from the use of photographs from her family collection to the appropriation of historical-scienti\ufb01c images that objectify Black people in souvenirs or experimental studies. In the work <em>Ama de leite <\/em>(<em>Wet Nurse<\/em>) (2007-2009), one of her \ufb01rst works to use historical photographs, she shows an image by Jorge Henrique Papf, 1899, in which a woman on all fours carries a child on her back. Mind you, the image was taken eleven years after the \u00c1urea Law [the 1888 law which \ufb01nally abolished slavery in Brazil] was passed.<\/p>\n<p>The interest in the photographic image is added to the fascination that the artist shows for biology, an area that she thought about taking up professionally. This fascination is visible in a large part of her work, such as in the many series of drawings in which her knowledge of human and animal anatomy is materialized in hybrid beings. For example, the life cycles and the metamorphoses of insects are used as metaphors for our own personal transformations in the series <em>Carapa\u00e7a de prote\u00e7\u00e3o <\/em>(<em>Carapace of Protection<\/em>) (2004), in which the women depicted sometimes appear protected by translucent enclosures.<\/p>\n<p>But, above all, it is in <em>Assentamento <\/em>(<em>Set<\/em><em>tlement<\/em>) (2012) that the photographs of a historical-scienti\ufb01c nature become the protagonists of the artist\u2019s work. In this installation, Paulino restores humanity to the woman photographed by Augusto Stahl in 1865. By means of a surgical thread, the artist reconstructs the fragments of this woman, rejoining her parts without hiding the scars. And she humanizes her: the artist exposes her heart; reveals the baby that she could bring into the world in her bulging belly; and alludes to the foundation, which are this woman\u2019s feet transmuted into roots, penetrating the earth, regaining her ancestry, as an iroko tree that crosses the time in which we resist and of which we are the continuity-fruit.<\/p>\n<p><em>As \ufb01lhas de Eva <\/em>(<em>The Daughters of Eve<\/em>) (2014), <em>\u00bfHist\u00f3ria natural? <\/em>(<em>Natural History?<\/em>) (2016), <em>Para\u00edso tropical <\/em>(<em>Tropical Paradise<\/em>) (2017), <em>Geometria \u00e0 brasileira <\/em>(<em>Brazilian Geom<\/em><em>etry<\/em>) and <em>Geometria \u00e0 brasileira chega ao para\u00ed<\/em><em>so tropical <\/em>(<em>Brazilian Geometry Arrives at the Tropical Paradise<\/em>) (2018) are works in which the presence of photographs of human types remains, overlayed by the illustrations of the Brazilian \ufb02ora and fauna made by naturalists. This set of works is de\ufb01nitive in demonstrating the depth and breadth of the photographic elements in Paulino\u2019s artistic practice, poetics, and discourse.<\/p>\n<p>In <em>Tropical Paradise<\/em>, the photographed enslaved women have no face; their faces, the mark of their identities, are removed. These women appear in illustrations of skulls which relate to the pseudo sciences, anthropometry and phrenology, which strived to determine the inherent mental and behavioral abilities of each human \u201crace\u201d. The compositions speak critically to the 19th century Brazil, a country which, in the eyes of Europe, was a strange tropical paradise to be deciphered from exhaustive and fanciful speculations about its peoples, its vegetation, animals and nature \u2013 seen as possible obstacles to the realization of the civilization that they dreamed of establishing.<\/p>\n<p><em>Brazilian Geometry <\/em>was produced in the USA during an internship Paulino served at Colgate University, in 2018. <em>Brazilian Geometry Arrives at the Tropical Paradise <\/em>continues that research, now back in Brazil. Apart from technical issues \u2013 in the USA it was possible to count on very large pieces of paper, unavailable in Brazil, where the work gains a smaller scale \u2013 the two series complement each other and expand on the issues previously discussed.<\/p>\n<p><a href=\"https:\/\/i0.wp.com\/revistazum.com.br\/wp-content\/uploads\/2021\/02\/RP-ZUM-19-05.png?ssl=1\" title=\"\"><img data-recalc-dims=\"1\" loading=\"lazy\" decoding=\"async\" class=\"size-full wp-image-32118 aligncenter\" src=\"https:\/\/i0.wp.com\/revistazum.com.br\/wp-content\/uploads\/2021\/02\/RP-ZUM-19-05.png?resize=969%2C1200&#038;ssl=1\" alt=\"\" width=\"969\" height=\"1200\" srcset=\"https:\/\/i0.wp.com\/revistazum.com.br\/wp-content\/uploads\/2021\/02\/RP-ZUM-19-05.png?w=969&amp;ssl=1 969w, https:\/\/i0.wp.com\/revistazum.com.br\/wp-content\/uploads\/2021\/02\/RP-ZUM-19-05.png?resize=242%2C300&amp;ssl=1 242w, https:\/\/i0.wp.com\/revistazum.com.br\/wp-content\/uploads\/2021\/02\/RP-ZUM-19-05.png?resize=768%2C951&amp;ssl=1 768w, https:\/\/i0.wp.com\/revistazum.com.br\/wp-content\/uploads\/2021\/02\/RP-ZUM-19-05.png?resize=827%2C1024&amp;ssl=1 827w, https:\/\/i0.wp.com\/revistazum.com.br\/wp-content\/uploads\/2021\/02\/RP-ZUM-19-05.png?resize=223%2C277&amp;ssl=1 223w\" sizes=\"auto, (max-width: 969px) 100vw, 969px\" \/><\/a><\/p>\n<p>In the \ufb01rst, the fauna and \ufb02ora are the same size as the other human \ufb01gures, while in the second, the plants-orchids get a bigger proportion and are centralized in the background of the other elements of the composition. The extensive family of orchids, which so charmed European naturalists for its variety, is identi\ufb01ed by their scienti\ufb01c names: <em>Epidendrum ammophilum<\/em>, <em>Cattleya elongata<\/em>, <em>Oncidium<\/em>, and so on. The taxonomic classi\ufb01cation of the family of \ufb02owers here gets closer to the social concept of family for the peoples of West Africa, from where most part of the enslaved persons in Brazil were abducted. The two large families, of Brazilian plants and the African people, serve as a metaphor of resistance and survival: resistance, because they do not surrender to the process of colonization, which includes taming the vegetation to urbanize the cities (plants, for example, are \ufb02ourishing in the cracks of the concrete, \u201cit is nature that does not surrender,\u201d observed Rosana Paulino); survival, because, despite the colonial trauma, we have resisted the exclusionary and genocidal project of civilization that tries to extinguish us.<\/p>\n<p>And geometry, in both series, makes itself present through rectangles and squares in dark green, cobalt blue, yellow-gold, live red, brown skin color and orange sunlight colors. These color adjectives are not in the Pantone scale but, yes, in <em>Brasilis <\/em>(we can even change the live red for blood red, very present in our watercolors).<\/p>\n<p>As well as the Brazilian geometric art of the last century, which is juxtaposed to other artistic languages, blinding us to di\ufb00erent productions, themes and aesthetics, in the two series by Paulino the geometry also blinds us: the squares and rectangles cover the eyes of the black and indigenous people represented in the works. The geometry is precisely the element in the composition that makes it impossible for people to see \u2013 and to receive our gaze in return, recognizing them as subjects. The geometry excludes them, and makes them see the world, see themselves, see their beloved ones from a unilateral historical perspective, from a single mode of being, to be and exist.<\/p>\n<p><a href=\"https:\/\/i0.wp.com\/revistazum.com.br\/wp-content\/uploads\/2021\/02\/RP-ZUM-19-06.png?ssl=1\" title=\"\"><img data-recalc-dims=\"1\" loading=\"lazy\" decoding=\"async\" class=\"size-full wp-image-32119 aligncenter\" src=\"https:\/\/i0.wp.com\/revistazum.com.br\/wp-content\/uploads\/2021\/02\/RP-ZUM-19-06.png?resize=969%2C1200&#038;ssl=1\" alt=\"\" width=\"969\" height=\"1200\" srcset=\"https:\/\/i0.wp.com\/revistazum.com.br\/wp-content\/uploads\/2021\/02\/RP-ZUM-19-06.png?w=969&amp;ssl=1 969w, https:\/\/i0.wp.com\/revistazum.com.br\/wp-content\/uploads\/2021\/02\/RP-ZUM-19-06.png?resize=242%2C300&amp;ssl=1 242w, https:\/\/i0.wp.com\/revistazum.com.br\/wp-content\/uploads\/2021\/02\/RP-ZUM-19-06.png?resize=768%2C951&amp;ssl=1 768w, https:\/\/i0.wp.com\/revistazum.com.br\/wp-content\/uploads\/2021\/02\/RP-ZUM-19-06.png?resize=827%2C1024&amp;ssl=1 827w, https:\/\/i0.wp.com\/revistazum.com.br\/wp-content\/uploads\/2021\/02\/RP-ZUM-19-06.png?resize=223%2C277&amp;ssl=1 223w\" sizes=\"auto, (max-width: 969px) 100vw, 969px\" \/><\/a><\/p>\n<p>The word <em>geometry <\/em>comes from Greek and means, at its simplest, \u201cmeasurement of the earth.\u201d Perhaps geometry is indeed in our future, but from an organic form: from the earth, nature and its perfectly calculated spirals, fractals, and hexagons; from the re-signi\ufb01cation of that which was sublimated. Geometry is present in the knowledge of the populations that, in spite of their being laboriously examined, were considered un\ufb01t for the Brazil project because the same ruler, compass and protractor do not meet the projects of existence of all peoples. As Paulino pointed out at the end of our conversation, it is the riverside, the indigenous, the <em>quilombolas <\/em>[inhabitants of rural communities founded by the descendants of slaves] and the outskirts populations that can reinvent the course of the civilizing project so that it is <em>our <\/em>project, with the whole world. Let\u2019s hope this Brazilian geometry is our future. \/\/\/<\/p>\n<p><strong>CAPTION <\/strong><strong>p. 70: <\/strong><em>Geometria \u00e0 brasileira <\/em>(<em>Brazilian Geometry<\/em>) and <em>Geometria \u00e0 brasileira chega ao para\u00edso tropical <\/em>(<em>Brazilian Geometry Arrives at the<\/em><em> Tropical Paradise<\/em>) series (2018-2020).<\/p>\n<p><strong>ROSANA PAULINO <\/strong>(S\u00e3o Paulo, 1967) holds a PhD inVisual Arts from ECA-USP (School of Communications and Arts, University of S\u00e3o Paulo) and is a specialist in printmaking from the London Print Studio. Her works are part of the collection of MAM-SP (Museum of Modern Art), University of New Mexico (USA) and Afro-Brasil Museum (SP). Recent exhibitions include: <em>Rosana<\/em> <em>Paulino<\/em> <em>\u2013<\/em> <em>A<\/em> <em>costura<\/em> <em>da<\/em> <em>mem\u00f3ria<\/em> (<em>The<\/em> <em>Sewing<\/em> <em>of<\/em> <em>Memory<\/em>), at Pinacoteca do Estado de S\u00e3o Paulo, and <em>Hist\u00f3rias<\/em> <em>afro-<\/em><em>atl\u00e2nticas <\/em>(<em>Afro-Atlantic<\/em> <em>Histories<\/em>), at MASP and Instituto Tomie Ohtake, in S\u00e3o Paulo, in 2018.<\/p>\n<p><strong>RENATA<\/strong> <strong>FELINTO<\/strong> (S\u00e3o Paulo, 1978) holds a doctorate and a master\u2019s degree inVisual Arts from the Institute of Arts at Unesp (S\u00e3o Paulo State University) and is a specialist in curatorship at MAC-USP (Museum of Contemporary Art-University of S\u00e3o Paulo). Visual artist and adjunct professor at URCA-CE (Regional University of Cariri, Cear\u00e1), she participated in the exhibition <em>Hist\u00f3rias<\/em> <em>afro-<\/em><em>atl\u00e2nticas<\/em> (<em>Afro-Atlantic<\/em> <em>Histories<\/em>) (2018), at the Instituto Tomie Ohtake\/MASP, among others.<\/p>\n<p><strong>+ <\/strong><em>Rosana Paulino: a costura da mem\u00f3ria <\/em>(<em>The <\/em><em>Sewing of Memory<\/em>) (2018), catalog of the exhibition at the Pinacoteca do Estado de S\u00e3o Paulo.<\/p>\n","protected":false},"excerpt":{"rendered":"<p>In the second half of the 19th century, photographic studies of Imperial Brazil left us with images which allow us to get to know the faces of children, men, and women who lived under the yoke of slavery. The photographic records of humans of African descent taken at that time have been investigated by a [&hellip;]<\/p>\n","protected":false},"author":13,"featured_media":44675,"comment_status":"open","ping_status":"open","sticky":false,"template":"","format":"standard","meta":{"_monsterinsights_skip_tracking":false,"_monsterinsights_sitenote_active":false,"_monsterinsights_sitenote_note":"","_monsterinsights_sitenote_category":0,"_jetpack_memberships_contains_paid_content":false,"footnotes":""},"categories":[1505],"tags":[1476,1516,1515],"coauthors":[1853,1816,1953],"class_list":["post-47167","post","type-post","status-publish","format-standard","has-post-thumbnail","hentry","category-revista-zum-19","tag-decolonizacao","tag-fotocolagem","tag-gravura"],"yoast_head":"<!-- This site is optimized with the Yoast SEO plugin v27.3 - https:\/\/yoast.com\/product\/yoast-seo-wordpress\/ -->\n<title>Violent geometry - ZUM<\/title>\n<meta name=\"robots\" content=\"index, follow, max-snippet:-1, max-image-preview:large, max-video-preview:-1\" \/>\n<link rel=\"canonical\" href=\"https:\/\/revistazum.com.br\/en\/revista-zum-19\/violenta-geometria\/\" \/>\n<meta property=\"og:locale\" content=\"en_US\" \/>\n<meta property=\"og:type\" content=\"article\" \/>\n<meta property=\"og:title\" content=\"Violenta geometria, por Rosana Paulino e Renata Felinto\" \/>\n<meta property=\"og:description\" content=\"In the second half of the 19th century, photographic studies of Imperial Brazil left us with images which allow us to get to know the faces of children, men, and women who lived under the yoke of slavery. The photographic records of humans of African descent taken at that time have been investigated by a [&hellip;]\" \/>\n<meta property=\"og:url\" content=\"https:\/\/revistazum.com.br\/en\/revista-zum-19\/violenta-geometria\/\" \/>\n<meta property=\"og:site_name\" content=\"ZUM\" \/>\n<meta property=\"article:published_time\" content=\"2021-02-17T14:46:11+00:00\" \/>\n<meta property=\"article:modified_time\" content=\"2022-06-16T17:43:52+00:00\" \/>\n<meta property=\"og:image\" content=\"https:\/\/revistazum.com.br\/wp-content\/uploads\/2021\/02\/destaque-01.png\" \/>\n\t<meta property=\"og:image:width\" content=\"1200\" \/>\n\t<meta property=\"og:image:height\" content=\"800\" \/>\n\t<meta property=\"og:image:type\" content=\"image\/png\" \/>\n<meta name=\"author\" content=\"Renata Felinto, Revista ZUM, Rosana Paulino\" \/>\n<meta name=\"twitter:card\" content=\"summary_large_image\" \/>\n<meta name=\"twitter:label1\" content=\"Written by\" \/>\n\t<meta name=\"twitter:data1\" content=\"Renata Felinto, Revista ZUM, Rosana Paulino\" \/>\n\t<meta name=\"twitter:label2\" content=\"Est. reading time\" \/>\n\t<meta name=\"twitter:data2\" content=\"17 minutes\" \/>\n<script type=\"application\/ld+json\" class=\"yoast-schema-graph\">{\"@context\":\"https:\\\/\\\/schema.org\",\"@graph\":[{\"@type\":\"Article\",\"@id\":\"https:\\\/\\\/revistazum.com.br\\\/en\\\/revista-zum-19\\\/violenta-geometria\\\/#article\",\"isPartOf\":{\"@id\":\"https:\\\/\\\/revistazum.com.br\\\/en\\\/revista-zum-19\\\/violenta-geometria\\\/\"},\"author\":{\"name\":\"Revista ZUM\",\"@id\":\"https:\\\/\\\/revistazum.com.br\\\/#\\\/schema\\\/person\\\/8e8c635563c29c97665a94a88a197738\"},\"headline\":\"Violent geometry\",\"datePublished\":\"2021-02-17T14:46:11+00:00\",\"dateModified\":\"2022-06-16T17:43:52+00:00\",\"mainEntityOfPage\":{\"@id\":\"https:\\\/\\\/revistazum.com.br\\\/en\\\/revista-zum-19\\\/violenta-geometria\\\/\"},\"wordCount\":2792,\"commentCount\":0,\"image\":{\"@id\":\"https:\\\/\\\/revistazum.com.br\\\/en\\\/revista-zum-19\\\/violenta-geometria\\\/#primaryimage\"},\"thumbnailUrl\":\"https:\\\/\\\/i0.wp.com\\\/revistazum.com.br\\\/wp-content\\\/uploads\\\/2021\\\/02\\\/destaque-01.png?fit=1200%2C800&ssl=1\",\"keywords\":[\"decoloniza\u00e7\u00e3o\",\"Fotocolagem\",\"Gravura\"],\"articleSection\":[\"Revista ZUM 19\"],\"inLanguage\":\"en-US\",\"potentialAction\":[{\"@type\":\"CommentAction\",\"name\":\"Comment\",\"target\":[\"https:\\\/\\\/revistazum.com.br\\\/en\\\/revista-zum-19\\\/violenta-geometria\\\/#respond\"]}]},{\"@type\":\"WebPage\",\"@id\":\"https:\\\/\\\/revistazum.com.br\\\/en\\\/revista-zum-19\\\/violenta-geometria\\\/\",\"url\":\"https:\\\/\\\/revistazum.com.br\\\/en\\\/revista-zum-19\\\/violenta-geometria\\\/\",\"name\":\"Violent geometry - ZUM\",\"isPartOf\":{\"@id\":\"https:\\\/\\\/revistazum.com.br\\\/#website\"},\"primaryImageOfPage\":{\"@id\":\"https:\\\/\\\/revistazum.com.br\\\/en\\\/revista-zum-19\\\/violenta-geometria\\\/#primaryimage\"},\"image\":{\"@id\":\"https:\\\/\\\/revistazum.com.br\\\/en\\\/revista-zum-19\\\/violenta-geometria\\\/#primaryimage\"},\"thumbnailUrl\":\"https:\\\/\\\/i0.wp.com\\\/revistazum.com.br\\\/wp-content\\\/uploads\\\/2021\\\/02\\\/destaque-01.png?fit=1200%2C800&ssl=1\",\"datePublished\":\"2021-02-17T14:46:11+00:00\",\"dateModified\":\"2022-06-16T17:43:52+00:00\",\"author\":{\"@id\":\"https:\\\/\\\/revistazum.com.br\\\/#\\\/schema\\\/person\\\/8e8c635563c29c97665a94a88a197738\"},\"breadcrumb\":{\"@id\":\"https:\\\/\\\/revistazum.com.br\\\/en\\\/revista-zum-19\\\/violenta-geometria\\\/#breadcrumb\"},\"inLanguage\":\"en-US\",\"potentialAction\":[{\"@type\":\"ReadAction\",\"target\":[\"https:\\\/\\\/revistazum.com.br\\\/en\\\/revista-zum-19\\\/violenta-geometria\\\/\"]}]},{\"@type\":\"ImageObject\",\"inLanguage\":\"en-US\",\"@id\":\"https:\\\/\\\/revistazum.com.br\\\/en\\\/revista-zum-19\\\/violenta-geometria\\\/#primaryimage\",\"url\":\"https:\\\/\\\/i0.wp.com\\\/revistazum.com.br\\\/wp-content\\\/uploads\\\/2021\\\/02\\\/destaque-01.png?fit=1200%2C800&ssl=1\",\"contentUrl\":\"https:\\\/\\\/i0.wp.com\\\/revistazum.com.br\\\/wp-content\\\/uploads\\\/2021\\\/02\\\/destaque-01.png?fit=1200%2C800&ssl=1\",\"width\":1200,\"height\":800},{\"@type\":\"BreadcrumbList\",\"@id\":\"https:\\\/\\\/revistazum.com.br\\\/en\\\/revista-zum-19\\\/violenta-geometria\\\/#breadcrumb\",\"itemListElement\":[{\"@type\":\"ListItem\",\"position\":1,\"name\":\"In\u00edcio\",\"item\":\"https:\\\/\\\/revistazum.com.br\\\/\"},{\"@type\":\"ListItem\",\"position\":2,\"name\":\"Violent geometry\"}]},{\"@type\":\"WebSite\",\"@id\":\"https:\\\/\\\/revistazum.com.br\\\/#website\",\"url\":\"https:\\\/\\\/revistazum.com.br\\\/\",\"name\":\"ZUM\",\"description\":\"revista de fotografia\",\"potentialAction\":[{\"@type\":\"SearchAction\",\"target\":{\"@type\":\"EntryPoint\",\"urlTemplate\":\"https:\\\/\\\/revistazum.com.br\\\/?s={search_term_string}\"},\"query-input\":{\"@type\":\"PropertyValueSpecification\",\"valueRequired\":true,\"valueName\":\"search_term_string\"}}],\"inLanguage\":\"en-US\"},{\"@type\":\"Person\",\"@id\":\"https:\\\/\\\/revistazum.com.br\\\/#\\\/schema\\\/person\\\/8e8c635563c29c97665a94a88a197738\",\"name\":\"Revista ZUM\",\"image\":{\"@type\":\"ImageObject\",\"inLanguage\":\"en-US\",\"@id\":\"https:\\\/\\\/secure.gravatar.com\\\/avatar\\\/ac7a0017cd2f1f5b0db09c4d1fd2b6dc78742b6387d0a327061b216902dc4826?s=96&d=mm&r=g653ed1dcdf69002aafa3c2d11b8df94d\",\"url\":\"https:\\\/\\\/secure.gravatar.com\\\/avatar\\\/ac7a0017cd2f1f5b0db09c4d1fd2b6dc78742b6387d0a327061b216902dc4826?s=96&d=mm&r=g\",\"contentUrl\":\"https:\\\/\\\/secure.gravatar.com\\\/avatar\\\/ac7a0017cd2f1f5b0db09c4d1fd2b6dc78742b6387d0a327061b216902dc4826?s=96&d=mm&r=g\",\"caption\":\"Revista ZUM\"},\"url\":\"https:\\\/\\\/revistazum.com.br\\\/en\\\/author\\\/carlos-franco\\\/\"}]}<\/script>\n<!-- \/ Yoast SEO plugin. -->","yoast_head_json":{"title":"Violent geometry - ZUM","robots":{"index":"index","follow":"follow","max-snippet":"max-snippet:-1","max-image-preview":"max-image-preview:large","max-video-preview":"max-video-preview:-1"},"canonical":"https:\/\/revistazum.com.br\/en\/revista-zum-19\/violenta-geometria\/","og_locale":"en_US","og_type":"article","og_title":"Violenta geometria, por Rosana Paulino e Renata Felinto","og_description":"In the second half of the 19th century, photographic studies of Imperial Brazil left us with images which allow us to get to know the faces of children, men, and women who lived under the yoke of slavery. The photographic records of humans of African descent taken at that time have been investigated by a [&hellip;]","og_url":"https:\/\/revistazum.com.br\/en\/revista-zum-19\/violenta-geometria\/","og_site_name":"ZUM","article_published_time":"2021-02-17T14:46:11+00:00","article_modified_time":"2022-06-16T17:43:52+00:00","og_image":[{"width":1200,"height":800,"url":"https:\/\/revistazum.com.br\/wp-content\/uploads\/2021\/02\/destaque-01.png","type":"image\/png"}],"author":"Renata Felinto, Revista ZUM, Rosana Paulino","twitter_card":"summary_large_image","twitter_misc":{"Written by":"Renata Felinto, Revista ZUM, Rosana Paulino","Est. reading time":"17 minutes"},"schema":{"@context":"https:\/\/schema.org","@graph":[{"@type":"Article","@id":"https:\/\/revistazum.com.br\/en\/revista-zum-19\/violenta-geometria\/#article","isPartOf":{"@id":"https:\/\/revistazum.com.br\/en\/revista-zum-19\/violenta-geometria\/"},"author":{"name":"Revista ZUM","@id":"https:\/\/revistazum.com.br\/#\/schema\/person\/8e8c635563c29c97665a94a88a197738"},"headline":"Violent geometry","datePublished":"2021-02-17T14:46:11+00:00","dateModified":"2022-06-16T17:43:52+00:00","mainEntityOfPage":{"@id":"https:\/\/revistazum.com.br\/en\/revista-zum-19\/violenta-geometria\/"},"wordCount":2792,"commentCount":0,"image":{"@id":"https:\/\/revistazum.com.br\/en\/revista-zum-19\/violenta-geometria\/#primaryimage"},"thumbnailUrl":"https:\/\/i0.wp.com\/revistazum.com.br\/wp-content\/uploads\/2021\/02\/destaque-01.png?fit=1200%2C800&ssl=1","keywords":["decoloniza\u00e7\u00e3o","Fotocolagem","Gravura"],"articleSection":["Revista ZUM 19"],"inLanguage":"en-US","potentialAction":[{"@type":"CommentAction","name":"Comment","target":["https:\/\/revistazum.com.br\/en\/revista-zum-19\/violenta-geometria\/#respond"]}]},{"@type":"WebPage","@id":"https:\/\/revistazum.com.br\/en\/revista-zum-19\/violenta-geometria\/","url":"https:\/\/revistazum.com.br\/en\/revista-zum-19\/violenta-geometria\/","name":"Violent geometry - ZUM","isPartOf":{"@id":"https:\/\/revistazum.com.br\/#website"},"primaryImageOfPage":{"@id":"https:\/\/revistazum.com.br\/en\/revista-zum-19\/violenta-geometria\/#primaryimage"},"image":{"@id":"https:\/\/revistazum.com.br\/en\/revista-zum-19\/violenta-geometria\/#primaryimage"},"thumbnailUrl":"https:\/\/i0.wp.com\/revistazum.com.br\/wp-content\/uploads\/2021\/02\/destaque-01.png?fit=1200%2C800&ssl=1","datePublished":"2021-02-17T14:46:11+00:00","dateModified":"2022-06-16T17:43:52+00:00","author":{"@id":"https:\/\/revistazum.com.br\/#\/schema\/person\/8e8c635563c29c97665a94a88a197738"},"breadcrumb":{"@id":"https:\/\/revistazum.com.br\/en\/revista-zum-19\/violenta-geometria\/#breadcrumb"},"inLanguage":"en-US","potentialAction":[{"@type":"ReadAction","target":["https:\/\/revistazum.com.br\/en\/revista-zum-19\/violenta-geometria\/"]}]},{"@type":"ImageObject","inLanguage":"en-US","@id":"https:\/\/revistazum.com.br\/en\/revista-zum-19\/violenta-geometria\/#primaryimage","url":"https:\/\/i0.wp.com\/revistazum.com.br\/wp-content\/uploads\/2021\/02\/destaque-01.png?fit=1200%2C800&ssl=1","contentUrl":"https:\/\/i0.wp.com\/revistazum.com.br\/wp-content\/uploads\/2021\/02\/destaque-01.png?fit=1200%2C800&ssl=1","width":1200,"height":800},{"@type":"BreadcrumbList","@id":"https:\/\/revistazum.com.br\/en\/revista-zum-19\/violenta-geometria\/#breadcrumb","itemListElement":[{"@type":"ListItem","position":1,"name":"In\u00edcio","item":"https:\/\/revistazum.com.br\/"},{"@type":"ListItem","position":2,"name":"Violent geometry"}]},{"@type":"WebSite","@id":"https:\/\/revistazum.com.br\/#website","url":"https:\/\/revistazum.com.br\/","name":"ZUM","description":"revista de fotografia","potentialAction":[{"@type":"SearchAction","target":{"@type":"EntryPoint","urlTemplate":"https:\/\/revistazum.com.br\/?s={search_term_string}"},"query-input":{"@type":"PropertyValueSpecification","valueRequired":true,"valueName":"search_term_string"}}],"inLanguage":"en-US"},{"@type":"Person","@id":"https:\/\/revistazum.com.br\/#\/schema\/person\/8e8c635563c29c97665a94a88a197738","name":"Revista ZUM","image":{"@type":"ImageObject","inLanguage":"en-US","@id":"https:\/\/secure.gravatar.com\/avatar\/ac7a0017cd2f1f5b0db09c4d1fd2b6dc78742b6387d0a327061b216902dc4826?s=96&d=mm&r=g653ed1dcdf69002aafa3c2d11b8df94d","url":"https:\/\/secure.gravatar.com\/avatar\/ac7a0017cd2f1f5b0db09c4d1fd2b6dc78742b6387d0a327061b216902dc4826?s=96&d=mm&r=g","contentUrl":"https:\/\/secure.gravatar.com\/avatar\/ac7a0017cd2f1f5b0db09c4d1fd2b6dc78742b6387d0a327061b216902dc4826?s=96&d=mm&r=g","caption":"Revista ZUM"},"url":"https:\/\/revistazum.com.br\/en\/author\/carlos-franco\/"}]}},"jetpack_featured_media_url":"https:\/\/i0.wp.com\/revistazum.com.br\/wp-content\/uploads\/2021\/02\/destaque-01.png?fit=1200%2C800&ssl=1","jetpack_sharing_enabled":true,"_links":{"self":[{"href":"https:\/\/revistazum.com.br\/en\/wp-json\/wp\/v2\/posts\/47167","targetHints":{"allow":["GET"]}}],"collection":[{"href":"https:\/\/revistazum.com.br\/en\/wp-json\/wp\/v2\/posts"}],"about":[{"href":"https:\/\/revistazum.com.br\/en\/wp-json\/wp\/v2\/types\/post"}],"author":[{"embeddable":true,"href":"https:\/\/revistazum.com.br\/en\/wp-json\/wp\/v2\/users\/13"}],"replies":[{"embeddable":true,"href":"https:\/\/revistazum.com.br\/en\/wp-json\/wp\/v2\/comments?post=47167"}],"version-history":[{"count":5,"href":"https:\/\/revistazum.com.br\/en\/wp-json\/wp\/v2\/posts\/47167\/revisions"}],"predecessor-version":[{"id":47172,"href":"https:\/\/revistazum.com.br\/en\/wp-json\/wp\/v2\/posts\/47167\/revisions\/47172"}],"wp:featuredmedia":[{"embeddable":true,"href":"https:\/\/revistazum.com.br\/en\/wp-json\/wp\/v2\/media\/44675"}],"wp:attachment":[{"href":"https:\/\/revistazum.com.br\/en\/wp-json\/wp\/v2\/media?parent=47167"}],"wp:term":[{"taxonomy":"category","embeddable":true,"href":"https:\/\/revistazum.com.br\/en\/wp-json\/wp\/v2\/categories?post=47167"},{"taxonomy":"post_tag","embeddable":true,"href":"https:\/\/revistazum.com.br\/en\/wp-json\/wp\/v2\/tags?post=47167"},{"taxonomy":"author","embeddable":true,"href":"https:\/\/revistazum.com.br\/en\/wp-json\/wp\/v2\/coauthors?post=47167"}],"curies":[{"name":"wp","href":"https:\/\/api.w.org\/{rel}","templated":true}]}}